{"id":3491,"date":"2022-11-22T19:52:00","date_gmt":"2022-11-22T17:52:00","guid":{"rendered":"https:\/\/www.mariabarcelo.es\/?p=3491"},"modified":"2022-11-30T19:59:58","modified_gmt":"2022-11-30T17:59:58","slug":"evaluar-con-dua-cep-de-cadiz","status":"publish","type":"post","link":"https:\/\/www.mariabarcelo.es\/?p=3491","title":{"rendered":"EVALUAR CON DUA. CEP DE C\u00c1DIZ"},"content":{"rendered":"\n<p class=\"wp-block-paragraph\">El 22 de noviembre he realizado una ponencia dentro del curso \u00abEscuela Inclusiva a trav\u00e9s del Dise\u00f1o Universal para el Aprendizaje\u00bb dedicada a la evaluaci\u00f3n con DUA, titulada \u00abEvaluaci\u00f3n inclusiva. Metodolog\u00eda y herramientas TIC, TAC, TEP. Plan de Transformaci\u00f3n Digital Educativa\u00bb.<\/p>\n\n\n\n<p class=\"wp-block-paragraph\">En esta ocasi\u00f3n estaba organizada por el <a rel=\"noreferrer noopener\" href=\"https:\/\/www.juntadeandalucia.es\/educacion\/portals\/web\/cep-cadiz\" data-type=\"URL\" data-id=\"https:\/\/www.juntadeandalucia.es\/educacion\/portals\/web\/cep-cadiz\" target=\"_blank\">CEP de C\u00e1diz.<\/a> Una formaci\u00f3n junto a dos grandes de la inclusi\u00f3n y el DUA: <a href=\"https:\/\/www.antonioamarquez.com\/\" data-type=\"URL\" data-id=\"https:\/\/www.antonioamarquez.com\/\" target=\"_blank\" rel=\"noreferrer noopener\">Antonio M\u00e1rquez<\/a> y <a href=\"https:\/\/www.coralelizondo.com\/\" data-type=\"URL\" data-id=\"https:\/\/www.coralelizondo.com\/\" target=\"_blank\" rel=\"noreferrer noopener\">Coral Elizondo<\/a>.<\/p>\n\n\n\n<div class=\"container-wrapper-genially\" style=\"position: relative; min-height: 400px; max-width: 100%;\"><video class=\"loader-genially\" autoplay=\"autoplay\" loop=\"loop\" playsinline=\"playsInline\" muted=\"muted\" style=\"position: absolute;top: 45%;left: 50%;transform: translate(-50%, -50%);width: 80px;height: 80px;margin-bottom: 10%\"><source src=\"https:\/\/static.genial.ly\/resources\/loader-default.mp4\" type=\"video\/mp4\" \/>Your browser does not support the video tag.<\/video><div id=\"637131954706660019342f23\" class=\"genially-embed\" style=\"margin: 0px auto; position: relative; height: auto; width: 100%;\"><\/div><\/div><script>(function (d) { var js, id = \"genially-embed-js\", ref = d.getElementsByTagName(\"script\")[0]; if (d.getElementById(id)) { return; } js = d.createElement(\"script\"); js.id = id; js.async = true; js.src = \"https:\/\/view.genial.ly\/static\/embed\/embed.js\"; ref.parentNode.insertBefore(js, ref); }(document));<\/script>\n","protected":false},"excerpt":{"rendered":"<p>El 22 de noviembre he realizado una ponencia dentro del curso \u00abEscuela Inclusiva a trav\u00e9s del Dise\u00f1o Universal para el Aprendizaje\u00bb dedicada a la evaluaci\u00f3n con DUA, titulada \u00abEvaluaci\u00f3n inclusiva. Metodolog\u00eda y herramientas TIC, TAC, TEP. Plan de Transformaci\u00f3n Digital &hellip; <a href=\"https:\/\/www.mariabarcelo.es\/?p=3491\">Sigue leyendo <span class=\"meta-nav\">&rarr;<\/span><\/a><\/p>\n","protected":false},"author":1,"featured_media":0,"comment_status":"open","ping_status":"open","sticky":false,"template":"","format":"standard","meta":{"footnotes":""},"categories":[701,767,185,627,2],"tags":[845,743,303],"class_list":["post-3491","post","type-post","status-publish","format-standard","hentry","category-dua","category-duatiza","category-formacion-del-profesorado","category-inclusion","category-profesional","tag-cep-de-cadiz","tag-dua-2","tag-formacion-del-profesorado-2"],"_links":{"self":[{"href":"https:\/\/www.mariabarcelo.es\/index.php?rest_route=\/wp\/v2\/posts\/3491","targetHints":{"allow":["GET"]}}],"collection":[{"href":"https:\/\/www.mariabarcelo.es\/index.php?rest_route=\/wp\/v2\/posts"}],"about":[{"href":"https:\/\/www.mariabarcelo.es\/index.php?rest_route=\/wp\/v2\/types\/post"}],"author":[{"embeddable":true,"href":"https:\/\/www.mariabarcelo.es\/index.php?rest_route=\/wp\/v2\/users\/1"}],"replies":[{"embeddable":true,"href":"https:\/\/www.mariabarcelo.es\/index.php?rest_route=%2Fwp%2Fv2%2Fcomments&post=3491"}],"version-history":[{"count":1,"href":"https:\/\/www.mariabarcelo.es\/index.php?rest_route=\/wp\/v2\/posts\/3491\/revisions"}],"predecessor-version":[{"id":3492,"href":"https:\/\/www.mariabarcelo.es\/index.php?rest_route=\/wp\/v2\/posts\/3491\/revisions\/3492"}],"wp:attachment":[{"href":"https:\/\/www.mariabarcelo.es\/index.php?rest_route=%2Fwp%2Fv2%2Fmedia&parent=3491"}],"wp:term":[{"taxonomy":"category","embeddable":true,"href":"https:\/\/www.mariabarcelo.es\/index.php?rest_route=%2Fwp%2Fv2%2Fcategories&post=3491"},{"taxonomy":"post_tag","embeddable":true,"href":"https:\/\/www.mariabarcelo.es\/index.php?rest_route=%2Fwp%2Fv2%2Ftags&post=3491"}],"curies":[{"name":"wp","href":"https:\/\/api.w.org\/{rel}","templated":true}]}}