{"id":3501,"date":"2022-11-29T20:39:38","date_gmt":"2022-11-29T18:39:38","guid":{"rendered":"https:\/\/www.mariabarcelo.es\/?p=3501"},"modified":"2022-11-30T20:43:45","modified_gmt":"2022-11-30T18:43:45","slug":"dua-en-sagrada-familia-de-elda","status":"publish","type":"post","link":"https:\/\/www.mariabarcelo.es\/?p=3501","title":{"rendered":"DUA en SAGRADA FAMILIA DE ELDA"},"content":{"rendered":"\n<p class=\"wp-block-paragraph\">El 29 de noviembre he estado en el cole de <a rel=\"noreferrer noopener\" href=\"https:\/\/jose-david.com\/\" data-type=\"URL\" data-id=\"https:\/\/jose-david.com\/\" target=\"_blank\">Jose David<\/a> en una formaci\u00f3n sobre DUA, junto con sus compa\u00f1eros de E. Primaria.<\/p>\n\n\n\n<p class=\"wp-block-paragraph\">Una formaci\u00f3n destinada a conocer los principios y pautas DUA, as\u00ed como su relaci\u00f3n con herramientas tecnol\u00f3gicas&#8230;\u00a1todo ello basado en mis pr\u00e1cticas de aula!<\/p>\n\n\n\n<p class=\"wp-block-paragraph\">\u00a1Una tarde muy interesante! \u00a1Gracias por contar conmigo!<\/p>\n\n\n\n<div class=\"container-wrapper-genially\" style=\"position: relative; min-height: 400px; max-width: 100%;\"><video class=\"loader-genially\" autoplay=\"autoplay\" loop=\"loop\" playsinline=\"playsInline\" muted=\"muted\" style=\"position: absolute;top: 45%;left: 50%;transform: translate(-50%, -50%);width: 80px;height: 80px;margin-bottom: 10%\"><source src=\"https:\/\/static.genial.ly\/resources\/loader-default.mp4\" type=\"video\/mp4\" \/>Your browser does not support the video tag.<\/video><div id=\"637a6bf08460fb0017c6f014\" class=\"genially-embed\" style=\"margin: 0px auto; position: relative; height: auto; width: 100%;\"><\/div><\/div><script>(function (d) { var js, id = \"genially-embed-js\", ref = d.getElementsByTagName(\"script\")[0]; if (d.getElementById(id)) { return; } js = d.createElement(\"script\"); js.id = id; js.async = true; js.src = \"https:\/\/view.genial.ly\/static\/embed\/embed.js\"; ref.parentNode.insertBefore(js, ref); }(document));<\/script>\n","protected":false},"excerpt":{"rendered":"<p>El 29 de noviembre he estado en el cole de Jose David en una formaci\u00f3n sobre DUA, junto con sus compa\u00f1eros de E. Primaria. Una formaci\u00f3n destinada a conocer los principios y pautas DUA, as\u00ed como su relaci\u00f3n con herramientas &hellip; <a href=\"https:\/\/www.mariabarcelo.es\/?p=3501\">Sigue leyendo <span class=\"meta-nav\">&rarr;<\/span><\/a><\/p>\n","protected":false},"author":1,"featured_media":0,"comment_status":"open","ping_status":"open","sticky":false,"template":"","format":"standard","meta":{"footnotes":""},"categories":[701,767,185,627,2],"tags":[743,303,852],"class_list":["post-3501","post","type-post","status-publish","format-standard","hentry","category-dua","category-duatiza","category-formacion-del-profesorado","category-inclusion","category-profesional","tag-dua-2","tag-formacion-del-profesorado-2","tag-sagrada-familia-elda"],"_links":{"self":[{"href":"https:\/\/www.mariabarcelo.es\/index.php?rest_route=\/wp\/v2\/posts\/3501","targetHints":{"allow":["GET"]}}],"collection":[{"href":"https:\/\/www.mariabarcelo.es\/index.php?rest_route=\/wp\/v2\/posts"}],"about":[{"href":"https:\/\/www.mariabarcelo.es\/index.php?rest_route=\/wp\/v2\/types\/post"}],"author":[{"embeddable":true,"href":"https:\/\/www.mariabarcelo.es\/index.php?rest_route=\/wp\/v2\/users\/1"}],"replies":[{"embeddable":true,"href":"https:\/\/www.mariabarcelo.es\/index.php?rest_route=%2Fwp%2Fv2%2Fcomments&post=3501"}],"version-history":[{"count":1,"href":"https:\/\/www.mariabarcelo.es\/index.php?rest_route=\/wp\/v2\/posts\/3501\/revisions"}],"predecessor-version":[{"id":3502,"href":"https:\/\/www.mariabarcelo.es\/index.php?rest_route=\/wp\/v2\/posts\/3501\/revisions\/3502"}],"wp:attachment":[{"href":"https:\/\/www.mariabarcelo.es\/index.php?rest_route=%2Fwp%2Fv2%2Fmedia&parent=3501"}],"wp:term":[{"taxonomy":"category","embeddable":true,"href":"https:\/\/www.mariabarcelo.es\/index.php?rest_route=%2Fwp%2Fv2%2Fcategories&post=3501"},{"taxonomy":"post_tag","embeddable":true,"href":"https:\/\/www.mariabarcelo.es\/index.php?rest_route=%2Fwp%2Fv2%2Ftags&post=3501"}],"curies":[{"name":"wp","href":"https:\/\/api.w.org\/{rel}","templated":true}]}}