{"id":514,"date":"2008-10-21T20:51:10","date_gmt":"2008-10-21T18:51:10","guid":{"rendered":"https:\/\/www.mariabarcelo.es\/?p=514"},"modified":"2008-10-21T22:11:22","modified_gmt":"2008-10-21T20:11:22","slug":"programa-ensena-ii","status":"publish","type":"post","link":"https:\/\/www.mariabarcelo.es\/?p=514","title":{"rendered":"Programa \u00abEnse\u00f1a\u00bb II"},"content":{"rendered":"<p style=\"text-align: justify;\">En otro post os habl\u00e9 del <a href=\"https:\/\/www.mariabarcelo.es\/?p=418\" target=\"_blank\">Programa Ense\u00f1a<\/a> y de su relaci\u00f3n con la formaci\u00f3n de las familias.<\/p>\n<p style=\"text-align: justify;\">En mi centro se van a impartir tres sesiones, y lo har\u00e9 yo como coordinadora TIC. He preparado una presentaci\u00f3n basada en los materiales de la <a href=\"http:\/\/www.juntadeandalucia.es\/innovacioncienciayempresa\/cocoon\/index.html\">Consejer\u00eda de Innovaci\u00f3n Ciencia y Empresa<\/a> y <a href=\"http:\/\/www.juntadeandalucia.es\/educacion\">la Consejer\u00eda de Educaci\u00f3n<\/a>, que nos han sido aportados para este fin:<\/p>\n<p style=\"text-align: justify;\">.- Educar para proteger: Guia de formaci\u00f3n TIC para padres y madres de menores de 3 a 11 a\u00f1os. Estar\u00e1 colgado en la p\u00e1gina de <a href=\"http:\/\/www.kiddia.org\" target=\"_blank\">Kiddia <\/a>en el apartado de familias, tanto en versi\u00f3n pdf como multimedia.<\/p>\n<p style=\"text-align: justify;\">.- Guia PASEN.<\/p>\n<p style=\"text-align: justify;\">\n<p style=\"text-align: justify;\">\n<div style=\"width:425px;text-align:left\" id=\"__ss_677097\"><a style=\"font:14px Helvetica,Arial,Sans-serif;display:block;margin:12px 0 3px 0;text-decoration:underline;\" href=\"http:\/\/www.slideshare.net\/mariabarcelo\/programa-ensea-2008-presentation?type=powerpoint\" title=\"Programa Ense\u00f1a 2008\">Programa Ense\u00f1a 2008<\/a><object style=\"margin:0px\" width=\"425\" height=\"355\"><param name=\"movie\" value=\"http:\/\/static.slideshare.net\/swf\/ssplayer2.swf?doc=ponenciaensena08-1224615594210002-8&#038;stripped_title=programa-ensea-2008-presentation\" \/><param name=\"allowFullScreen\" value=\"true\"\/><param name=\"allowScriptAccess\" value=\"always\"\/><embed src=\"http:\/\/static.slideshare.net\/swf\/ssplayer2.swf?doc=ponenciaensena08-1224615594210002-8&#038;stripped_title=programa-ensea-2008-presentation\" type=\"application\/x-shockwave-flash\" allowscriptaccess=\"always\" allowfullscreen=\"true\" width=\"425\" height=\"355\"><\/embed><\/object><\/p>\n<div style=\"font-size:11px;font-family:tahoma,arial;height:26px;padding-top:2px;\">View SlideShare <a style=\"text-decoration:underline;\" href=\"http:\/\/www.slideshare.net\/mariabarcelo\/programa-ensea-2008-presentation?type=powerpoint\" title=\"View Programa Ense\u00f1a 2008 on SlideShare\">presentation<\/a> or <a style=\"text-decoration:underline;\" href=\"http:\/\/www.slideshare.net\/upload?type=powerpoint\">Upload<\/a> your own. (tags: <a style=\"text-decoration:underline;\" href=\"http:\/\/slideshare.net\/tag\/familias\">familias<\/a> <a style=\"text-decoration:underline;\" href=\"http:\/\/slideshare.net\/tag\/tic\">tic<\/a>)<\/div>\n<\/div>\n","protected":false},"excerpt":{"rendered":"<p>En otro post os habl\u00e9 del Programa Ense\u00f1a y de su relaci\u00f3n con la formaci\u00f3n de las familias. En mi centro se van a impartir tres sesiones, y lo har\u00e9 yo como coordinadora TIC. He preparado una presentaci\u00f3n basada en &hellip; <a href=\"https:\/\/www.mariabarcelo.es\/?p=514\">Sigue leyendo <span class=\"meta-nav\">&rarr;<\/span><\/a><\/p>\n","protected":false},"author":1,"featured_media":0,"comment_status":"open","ping_status":"open","sticky":false,"template":"","format":"standard","meta":{"footnotes":""},"categories":[2,7],"tags":[57,53],"class_list":["post-514","post","type-post","status-publish","format-standard","hentry","category-profesional","category-recursos-educativos","tag-ensena","tag-familias"],"_links":{"self":[{"href":"https:\/\/www.mariabarcelo.es\/index.php?rest_route=\/wp\/v2\/posts\/514","targetHints":{"allow":["GET"]}}],"collection":[{"href":"https:\/\/www.mariabarcelo.es\/index.php?rest_route=\/wp\/v2\/posts"}],"about":[{"href":"https:\/\/www.mariabarcelo.es\/index.php?rest_route=\/wp\/v2\/types\/post"}],"author":[{"embeddable":true,"href":"https:\/\/www.mariabarcelo.es\/index.php?rest_route=\/wp\/v2\/users\/1"}],"replies":[{"embeddable":true,"href":"https:\/\/www.mariabarcelo.es\/index.php?rest_route=%2Fwp%2Fv2%2Fcomments&post=514"}],"version-history":[{"count":5,"href":"https:\/\/www.mariabarcelo.es\/index.php?rest_route=\/wp\/v2\/posts\/514\/revisions"}],"predecessor-version":[{"id":517,"href":"https:\/\/www.mariabarcelo.es\/index.php?rest_route=\/wp\/v2\/posts\/514\/revisions\/517"}],"wp:attachment":[{"href":"https:\/\/www.mariabarcelo.es\/index.php?rest_route=%2Fwp%2Fv2%2Fmedia&parent=514"}],"wp:term":[{"taxonomy":"category","embeddable":true,"href":"https:\/\/www.mariabarcelo.es\/index.php?rest_route=%2Fwp%2Fv2%2Fcategories&post=514"},{"taxonomy":"post_tag","embeddable":true,"href":"https:\/\/www.mariabarcelo.es\/index.php?rest_route=%2Fwp%2Fv2%2Ftags&post=514"}],"curies":[{"name":"wp","href":"https:\/\/api.w.org\/{rel}","templated":true}]}}